{"id":237,"date":"2015-08-07T18:02:18","date_gmt":"2015-08-07T18:02:18","guid":{"rendered":"http:\/\/bambutec.com.br\/wp\/?p=237"},"modified":"2023-11-08T12:59:32","modified_gmt":"2023-11-08T12:59:32","slug":"stands","status":"publish","type":"post","link":"https:\/\/bambutec.com.br\/en\/stands\/","title":{"rendered":"Booths and exhibitions"},"content":{"rendered":"<figure class=\"wp-block-image size-full\"><a href=\"http:\/\/bambutec.com.br\/wp-content\/uploads\/2023\/07\/sescquitandinhaweb2.jpg\"><img loading=\"lazy\" decoding=\"async\" width=\"1400\" height=\"521\" src=\"http:\/\/bambutec.com.br\/wp-content\/uploads\/2023\/07\/sescquitandinhaweb2.jpg\" alt=\"\" class=\"wp-image-1619\" srcset=\"https:\/\/bambutec.com.br\/wp-content\/uploads\/2023\/07\/sescquitandinhaweb2.jpg 1400w, https:\/\/bambutec.com.br\/wp-content\/uploads\/2023\/07\/sescquitandinhaweb2-410x153.jpg 410w, https:\/\/bambutec.com.br\/wp-content\/uploads\/2023\/07\/sescquitandinhaweb2-830x309.jpg 830w, https:\/\/bambutec.com.br\/wp-content\/uploads\/2023\/07\/sescquitandinhaweb2-768x286.jpg 768w, https:\/\/bambutec.com.br\/wp-content\/uploads\/2023\/07\/sescquitandinhaweb2-18x7.jpg 18w\" sizes=\"auto, (max-width: 1400px) 100vw, 1400px\" \/><\/a><\/figure>\n\n\n\n<p>Sesc Quitandinha, Petr\u00f3polis<\/p>\n\n\n\n<figure class=\"wp-block-image size-full\"><a href=\"http:\/\/bambutec.com.br\/wp-content\/uploads\/2015\/07\/2-Semana-do-Artesanato-PUC-Rio-1.jpg\"><img loading=\"lazy\" decoding=\"async\" width=\"1400\" height=\"392\" src=\"http:\/\/bambutec.com.br\/wp-content\/uploads\/2015\/07\/2-Semana-do-Artesanato-PUC-Rio-1.jpg\" alt=\"\" class=\"wp-image-241\" srcset=\"https:\/\/bambutec.com.br\/wp-content\/uploads\/2015\/07\/2-Semana-do-Artesanato-PUC-Rio-1.jpg 1400w, https:\/\/bambutec.com.br\/wp-content\/uploads\/2015\/07\/2-Semana-do-Artesanato-PUC-Rio-1-410x115.jpg 410w, https:\/\/bambutec.com.br\/wp-content\/uploads\/2015\/07\/2-Semana-do-Artesanato-PUC-Rio-1-830x232.jpg 830w, https:\/\/bambutec.com.br\/wp-content\/uploads\/2015\/07\/2-Semana-do-Artesanato-PUC-Rio-1-100x28.jpg 100w, https:\/\/bambutec.com.br\/wp-content\/uploads\/2015\/07\/2-Semana-do-Artesanato-PUC-Rio-1-200x56.jpg 200w, https:\/\/bambutec.com.br\/wp-content\/uploads\/2015\/07\/2-Semana-do-Artesanato-PUC-Rio-1-1250x350.jpg 1250w\" sizes=\"auto, (max-width: 1400px) 100vw, 1400px\" \/><\/a><\/figure>\n\n\n\n<p>FEVUC, PUC-Rio<\/p>\n\n\n\n<figure class=\"wp-block-image size-full\"><a href=\"http:\/\/bambutec.com.br\/wp-content\/uploads\/2015\/07\/4-Stands-Mesa-Tur-Bras\u00edlia.jpg\"><img loading=\"lazy\" decoding=\"async\" width=\"1400\" height=\"1113\" src=\"http:\/\/bambutec.com.br\/wp-content\/uploads\/2015\/07\/4-Stands-Mesa-Tur-Bras\u00edlia.jpg\" alt=\"\" class=\"wp-image-243\" srcset=\"https:\/\/bambutec.com.br\/wp-content\/uploads\/2015\/07\/4-Stands-Mesa-Tur-Bras\u00edlia.jpg 1400w, https:\/\/bambutec.com.br\/wp-content\/uploads\/2015\/07\/4-Stands-Mesa-Tur-Bras\u00edlia-410x326.jpg 410w, https:\/\/bambutec.com.br\/wp-content\/uploads\/2015\/07\/4-Stands-Mesa-Tur-Bras\u00edlia-830x660.jpg 830w, https:\/\/bambutec.com.br\/wp-content\/uploads\/2015\/07\/4-Stands-Mesa-Tur-Bras\u00edlia-100x80.jpg 100w, https:\/\/bambutec.com.br\/wp-content\/uploads\/2015\/07\/4-Stands-Mesa-Tur-Bras\u00edlia-200x159.jpg 200w, https:\/\/bambutec.com.br\/wp-content\/uploads\/2015\/07\/4-Stands-Mesa-Tur-Bras\u00edlia-1250x994.jpg 1250w\" sizes=\"auto, (max-width: 1400px) 100vw, 1400px\" \/><\/a><\/figure>\n\n\n\n<p>Stands Mesa Tur, Bras\u00edlia<\/p>\n\n\n\n<figure class=\"wp-block-image size-full\"><a href=\"http:\/\/bambutec.com.br\/wp-content\/uploads\/2015\/07\/1-Feira-de-Org\u00e2nicos-P\u00e3o-de-A\u00e7\u00facar.jpg\"><img loading=\"lazy\" decoding=\"async\" width=\"1400\" height=\"385\" src=\"http:\/\/bambutec.com.br\/wp-content\/uploads\/2015\/07\/1-Feira-de-Org\u00e2nicos-P\u00e3o-de-A\u00e7\u00facar.jpg\" alt=\"\" class=\"wp-image-240\" srcset=\"https:\/\/bambutec.com.br\/wp-content\/uploads\/2015\/07\/1-Feira-de-Org\u00e2nicos-P\u00e3o-de-A\u00e7\u00facar.jpg 1400w, https:\/\/bambutec.com.br\/wp-content\/uploads\/2015\/07\/1-Feira-de-Org\u00e2nicos-P\u00e3o-de-A\u00e7\u00facar-410x113.jpg 410w, https:\/\/bambutec.com.br\/wp-content\/uploads\/2015\/07\/1-Feira-de-Org\u00e2nicos-P\u00e3o-de-A\u00e7\u00facar-830x228.jpg 830w, https:\/\/bambutec.com.br\/wp-content\/uploads\/2015\/07\/1-Feira-de-Org\u00e2nicos-P\u00e3o-de-A\u00e7\u00facar-100x28.jpg 100w, https:\/\/bambutec.com.br\/wp-content\/uploads\/2015\/07\/1-Feira-de-Org\u00e2nicos-P\u00e3o-de-A\u00e7\u00facar-200x55.jpg 200w, https:\/\/bambutec.com.br\/wp-content\/uploads\/2015\/07\/1-Feira-de-Org\u00e2nicos-P\u00e3o-de-A\u00e7\u00facar-1250x344.jpg 1250w\" sizes=\"auto, (max-width: 1400px) 100vw, 1400px\" \/><\/a><\/figure>\n\n\n\n<p>Feira de Org\u00e2nicos, P\u00e3o de A\u00e7\u00facar<\/p>\n\n\n\n<figure class=\"wp-block-image size-large\"><a href=\"http:\/\/bambutec.com.br\/wp-content\/uploads\/2023\/11\/Paineis-Expositores-PUC_Rio-1-scaled.jpg\"><img loading=\"lazy\" decoding=\"async\" width=\"830\" height=\"196\" src=\"http:\/\/bambutec.com.br\/wp-content\/uploads\/2023\/11\/Paineis-Expositores-PUC_Rio-1-830x196.jpg\" alt=\"\" class=\"wp-image-1943\" srcset=\"https:\/\/bambutec.com.br\/wp-content\/uploads\/2023\/11\/Paineis-Expositores-PUC_Rio-1-830x196.jpg 830w, https:\/\/bambutec.com.br\/wp-content\/uploads\/2023\/11\/Paineis-Expositores-PUC_Rio-1-410x97.jpg 410w, https:\/\/bambutec.com.br\/wp-content\/uploads\/2023\/11\/Paineis-Expositores-PUC_Rio-1-768x182.jpg 768w, https:\/\/bambutec.com.br\/wp-content\/uploads\/2023\/11\/Paineis-Expositores-PUC_Rio-1-1536x363.jpg 1536w, https:\/\/bambutec.com.br\/wp-content\/uploads\/2023\/11\/Paineis-Expositores-PUC_Rio-1-2048x484.jpg 2048w, https:\/\/bambutec.com.br\/wp-content\/uploads\/2023\/11\/Paineis-Expositores-PUC_Rio-1-18x4.jpg 18w\" sizes=\"auto, (max-width: 830px) 100vw, 830px\" \/><\/a><\/figure>\n\n\n\n<figure class=\"wp-block-image size-large\"><a href=\"http:\/\/bambutec.com.br\/wp-content\/uploads\/2023\/11\/Paineis-Expositores-PUC_Rio-2-scaled.jpg\"><img loading=\"lazy\" decoding=\"async\" width=\"830\" height=\"190\" src=\"http:\/\/bambutec.com.br\/wp-content\/uploads\/2023\/11\/Paineis-Expositores-PUC_Rio-2-830x190.jpg\" alt=\"\" class=\"wp-image-1944\" srcset=\"https:\/\/bambutec.com.br\/wp-content\/uploads\/2023\/11\/Paineis-Expositores-PUC_Rio-2-830x190.jpg 830w, https:\/\/bambutec.com.br\/wp-content\/uploads\/2023\/11\/Paineis-Expositores-PUC_Rio-2-410x94.jpg 410w, https:\/\/bambutec.com.br\/wp-content\/uploads\/2023\/11\/Paineis-Expositores-PUC_Rio-2-768x176.jpg 768w, https:\/\/bambutec.com.br\/wp-content\/uploads\/2023\/11\/Paineis-Expositores-PUC_Rio-2-1536x352.jpg 1536w, https:\/\/bambutec.com.br\/wp-content\/uploads\/2023\/11\/Paineis-Expositores-PUC_Rio-2-2048x469.jpg 2048w, https:\/\/bambutec.com.br\/wp-content\/uploads\/2023\/11\/Paineis-Expositores-PUC_Rio-2-18x4.jpg 18w\" sizes=\"auto, (max-width: 830px) 100vw, 830px\" \/><\/a><\/figure>\n\n\n\n<p>Exposi\u00e7\u00e3o Registros de uma Guerra Surda, Arquivo Nacional, PUC-Rio<\/p>\n\n\n\n<figure class=\"wp-block-image size-full\"><a href=\"http:\/\/bambutec.com.br\/wp-content\/uploads\/2015\/07\/7-Stand-Dr.-Veit-Riocentro-1.jpg\"><img loading=\"lazy\" decoding=\"async\" width=\"1400\" height=\"1050\" src=\"http:\/\/bambutec.com.br\/wp-content\/uploads\/2015\/07\/7-Stand-Dr.-Veit-Riocentro-1.jpg\" alt=\"\" class=\"wp-image-246\" srcset=\"https:\/\/bambutec.com.br\/wp-content\/uploads\/2015\/07\/7-Stand-Dr.-Veit-Riocentro-1.jpg 1400w, https:\/\/bambutec.com.br\/wp-content\/uploads\/2015\/07\/7-Stand-Dr.-Veit-Riocentro-1-410x308.jpg 410w, https:\/\/bambutec.com.br\/wp-content\/uploads\/2015\/07\/7-Stand-Dr.-Veit-Riocentro-1-830x623.jpg 830w, https:\/\/bambutec.com.br\/wp-content\/uploads\/2015\/07\/7-Stand-Dr.-Veit-Riocentro-1-100x75.jpg 100w, https:\/\/bambutec.com.br\/wp-content\/uploads\/2015\/07\/7-Stand-Dr.-Veit-Riocentro-1-200x150.jpg 200w, https:\/\/bambutec.com.br\/wp-content\/uploads\/2015\/07\/7-Stand-Dr.-Veit-Riocentro-1-1250x938.jpg 1250w\" sizes=\"auto, (max-width: 1400px) 100vw, 1400px\" \/><\/a><\/figure>\n\n\n\n<p>Stand Dr. Veit, Riocentro<\/p>\n\n\n\n<figure class=\"wp-block-image size-full\"><a href=\"http:\/\/bambutec.com.br\/wp-content\/uploads\/2015\/07\/5-Stand-Pano-Digital-Fashion-Business-1.jpg\"><img loading=\"lazy\" decoding=\"async\" width=\"1400\" height=\"1008\" src=\"http:\/\/bambutec.com.br\/wp-content\/uploads\/2015\/07\/5-Stand-Pano-Digital-Fashion-Business-1.jpg\" alt=\"\" class=\"wp-image-244\" srcset=\"https:\/\/bambutec.com.br\/wp-content\/uploads\/2015\/07\/5-Stand-Pano-Digital-Fashion-Business-1.jpg 1400w, https:\/\/bambutec.com.br\/wp-content\/uploads\/2015\/07\/5-Stand-Pano-Digital-Fashion-Business-1-410x295.jpg 410w, https:\/\/bambutec.com.br\/wp-content\/uploads\/2015\/07\/5-Stand-Pano-Digital-Fashion-Business-1-830x598.jpg 830w, https:\/\/bambutec.com.br\/wp-content\/uploads\/2015\/07\/5-Stand-Pano-Digital-Fashion-Business-1-100x72.jpg 100w, https:\/\/bambutec.com.br\/wp-content\/uploads\/2015\/07\/5-Stand-Pano-Digital-Fashion-Business-1-200x144.jpg 200w, https:\/\/bambutec.com.br\/wp-content\/uploads\/2015\/07\/5-Stand-Pano-Digital-Fashion-Business-1-1250x900.jpg 1250w\" sizes=\"auto, (max-width: 1400px) 100vw, 1400px\" \/><\/a><\/figure>\n\n\n\n<figure class=\"wp-block-image size-full\"><a href=\"http:\/\/bambutec.com.br\/wp-content\/uploads\/2016\/03\/PIPAS.jpg\"><img loading=\"lazy\" decoding=\"async\" width=\"3840\" height=\"1701\" src=\"http:\/\/bambutec.com.br\/wp-content\/uploads\/2016\/03\/PIPAS.jpg\" alt=\"\" class=\"wp-image-682\" srcset=\"https:\/\/bambutec.com.br\/wp-content\/uploads\/2016\/03\/PIPAS.jpg 3840w, https:\/\/bambutec.com.br\/wp-content\/uploads\/2016\/03\/PIPAS-410x182.jpg 410w, https:\/\/bambutec.com.br\/wp-content\/uploads\/2016\/03\/PIPAS-768x340.jpg 768w, https:\/\/bambutec.com.br\/wp-content\/uploads\/2016\/03\/PIPAS-830x368.jpg 830w, https:\/\/bambutec.com.br\/wp-content\/uploads\/2016\/03\/PIPAS-100x44.jpg 100w, https:\/\/bambutec.com.br\/wp-content\/uploads\/2016\/03\/PIPAS-200x89.jpg 200w, https:\/\/bambutec.com.br\/wp-content\/uploads\/2016\/03\/PIPAS-1250x554.jpg 1250w\" sizes=\"auto, (max-width: 3840px) 100vw, 3840px\" \/><\/a><\/figure>\n\n\n\n<p>Interactive sculpture<\/p>\n\n\n\n<figure class=\"wp-block-image size-full\"><a href=\"http:\/\/bambutec.com.br\/wp-content\/uploads\/2015\/07\/Feira-Cultural-da-Fotografia-Museu-da-Rep\u00fablica.jpg\"><img loading=\"lazy\" decoding=\"async\" width=\"1400\" height=\"1050\" src=\"http:\/\/bambutec.com.br\/wp-content\/uploads\/2015\/07\/Feira-Cultural-da-Fotografia-Museu-da-Rep\u00fablica.jpg\" alt=\"\" class=\"wp-image-173\" srcset=\"https:\/\/bambutec.com.br\/wp-content\/uploads\/2015\/07\/Feira-Cultural-da-Fotografia-Museu-da-Rep\u00fablica.jpg 1400w, https:\/\/bambutec.com.br\/wp-content\/uploads\/2015\/07\/Feira-Cultural-da-Fotografia-Museu-da-Rep\u00fablica-410x308.jpg 410w, https:\/\/bambutec.com.br\/wp-content\/uploads\/2015\/07\/Feira-Cultural-da-Fotografia-Museu-da-Rep\u00fablica-830x623.jpg 830w, https:\/\/bambutec.com.br\/wp-content\/uploads\/2015\/07\/Feira-Cultural-da-Fotografia-Museu-da-Rep\u00fablica-100x75.jpg 100w, https:\/\/bambutec.com.br\/wp-content\/uploads\/2015\/07\/Feira-Cultural-da-Fotografia-Museu-da-Rep\u00fablica-200x150.jpg 200w, https:\/\/bambutec.com.br\/wp-content\/uploads\/2015\/07\/Feira-Cultural-da-Fotografia-Museu-da-Rep\u00fablica-1250x938.jpg 1250w\" sizes=\"auto, (max-width: 1400px) 100vw, 1400px\" \/><\/a><\/figure>\n\n\n\n<p>Cultural Photo Fair, Republic Museum<\/p>\n\n\n\n<p><\/p>","protected":false},"excerpt":{"rendered":"<p>Sesc Quitandinha, Petr\u00f3polis FEVUC, PUC-Rio Stands Mesa Tur, Bras\u00edlia Feira de Org\u00e2nicos, P\u00e3o de A\u00e7\u00facar Exposi\u00e7\u00e3o Registros de uma Guerra Surda, Arquivo Nacional, PUC-Rio Stand Dr. Veit, Riocentro Escultura interativa Feira Cultural da Fotografia, Museu da Rep\u00fablica<\/p>","protected":false},"author":1,"featured_media":463,"comment_status":"closed","ping_status":"open","sticky":false,"template":"","format":"image","meta":{"footnotes":""},"categories":[51],"tags":[18,30,10,14,13,11,8,15],"class_list":["post-237","post","type-post","status-publish","format-image","has-post-thumbnail","hentry","category-projetos","tag-booths","tag-design","tag-eventos","tag-events","tag-exhibitions","tag-exposicoes","tag-stands","tag-trade-shows","post_format-post-format-image"],"blocksy_meta":[],"_links":{"self":[{"href":"https:\/\/bambutec.com.br\/en\/wp-json\/wp\/v2\/posts\/237","targetHints":{"allow":["GET"]}}],"collection":[{"href":"https:\/\/bambutec.com.br\/en\/wp-json\/wp\/v2\/posts"}],"about":[{"href":"https:\/\/bambutec.com.br\/en\/wp-json\/wp\/v2\/types\/post"}],"author":[{"embeddable":true,"href":"https:\/\/bambutec.com.br\/en\/wp-json\/wp\/v2\/users\/1"}],"replies":[{"embeddable":true,"href":"https:\/\/bambutec.com.br\/en\/wp-json\/wp\/v2\/comments?post=237"}],"version-history":[{"count":12,"href":"https:\/\/bambutec.com.br\/en\/wp-json\/wp\/v2\/posts\/237\/revisions"}],"predecessor-version":[{"id":1946,"href":"https:\/\/bambutec.com.br\/en\/wp-json\/wp\/v2\/posts\/237\/revisions\/1946"}],"wp:featuredmedia":[{"embeddable":true,"href":"https:\/\/bambutec.com.br\/en\/wp-json\/wp\/v2\/media\/463"}],"wp:attachment":[{"href":"https:\/\/bambutec.com.br\/en\/wp-json\/wp\/v2\/media?parent=237"}],"wp:term":[{"taxonomy":"category","embeddable":true,"href":"https:\/\/bambutec.com.br\/en\/wp-json\/wp\/v2\/categories?post=237"},{"taxonomy":"post_tag","embeddable":true,"href":"https:\/\/bambutec.com.br\/en\/wp-json\/wp\/v2\/tags?post=237"}],"curies":[{"name":"wp","href":"https:\/\/api.w.org\/{rel}","templated":true}]}}