{"id":221,"date":"2015-07-05T21:10:43","date_gmt":"2015-07-05T21:10:43","guid":{"rendered":"http:\/\/bambutec.com.br\/wp\/?p=221"},"modified":"2024-01-21T14:33:28","modified_gmt":"2024-01-21T14:33:28","slug":"sala-andes-amazonia","status":"publish","type":"post","link":"https:\/\/bambutec.com.br\/en\/sala-andes-amazonia\/","title":{"rendered":"Andes Amazon Booth"},"content":{"rendered":"<figure class=\"wp-block-image size-large\"><a href=\"http:\/\/bambutec.com.br\/wp-content\/uploads\/2015\/07\/Sala-Andes-Amaz\u00f4nia-Biofach-S\u00e3o-Paulo-5.jpg\"><img loading=\"lazy\" decoding=\"async\" width=\"830\" height=\"592\" src=\"http:\/\/bambutec.com.br\/wp-content\/uploads\/2015\/07\/Sala-Andes-Amaz\u00f4nia-Biofach-S\u00e3o-Paulo-5-830x592.jpg\" alt=\"\" class=\"wp-image-223\" srcset=\"https:\/\/bambutec.com.br\/wp-content\/uploads\/2015\/07\/Sala-Andes-Amaz\u00f4nia-Biofach-S\u00e3o-Paulo-5-830x592.jpg 830w, https:\/\/bambutec.com.br\/wp-content\/uploads\/2015\/07\/Sala-Andes-Amaz\u00f4nia-Biofach-S\u00e3o-Paulo-5-410x292.jpg 410w, https:\/\/bambutec.com.br\/wp-content\/uploads\/2015\/07\/Sala-Andes-Amaz\u00f4nia-Biofach-S\u00e3o-Paulo-5-100x71.jpg 100w, https:\/\/bambutec.com.br\/wp-content\/uploads\/2015\/07\/Sala-Andes-Amaz\u00f4nia-Biofach-S\u00e3o-Paulo-5-200x143.jpg 200w, https:\/\/bambutec.com.br\/wp-content\/uploads\/2015\/07\/Sala-Andes-Amaz\u00f4nia-Biofach-S\u00e3o-Paulo-5-1250x891.jpg 1250w, https:\/\/bambutec.com.br\/wp-content\/uploads\/2015\/07\/Sala-Andes-Amaz\u00f4nia-Biofach-S\u00e3o-Paulo-5.jpg 1400w\" sizes=\"auto, (max-width: 830px) 100vw, 830px\" \/><\/a><\/figure>\n\n\n\n<p>In 2009, we designed and built the Andes Amazon Booth, organized by Brazil\u2019s Ministry of the Environment with funds from the German Technical Cooperation Agency GIZ for the Expo Sustentat event in the city of S\u00e3o Paulo.<\/p>\n\n\n\n<p>The Booth featured companies and organizations from Bolivia, Brazil, Colombia, Ecuador, and Peru that produce goods and services that originated from sustainable use of Amazonian biodiversity.<\/p>\n\n\n\n<figure class=\"wp-block-image size-large\"><a href=\"http:\/\/bambutec.com.br\/wp-content\/uploads\/2015\/09\/biofachweb2jpg.jpg\"><img loading=\"lazy\" decoding=\"async\" width=\"830\" height=\"576\" src=\"http:\/\/bambutec.com.br\/wp-content\/uploads\/2015\/09\/biofachweb2jpg-830x576.jpg\" alt=\"\" class=\"wp-image-415\" srcset=\"https:\/\/bambutec.com.br\/wp-content\/uploads\/2015\/09\/biofachweb2jpg-830x576.jpg 830w, https:\/\/bambutec.com.br\/wp-content\/uploads\/2015\/09\/biofachweb2jpg-410x285.jpg 410w, https:\/\/bambutec.com.br\/wp-content\/uploads\/2015\/09\/biofachweb2jpg-100x69.jpg 100w, https:\/\/bambutec.com.br\/wp-content\/uploads\/2015\/09\/biofachweb2jpg-200x139.jpg 200w, https:\/\/bambutec.com.br\/wp-content\/uploads\/2015\/09\/biofachweb2jpg.jpg 1200w\" sizes=\"auto, (max-width: 830px) 100vw, 830px\" \/><\/a><\/figure>\n\n\n\n<p>Inspired by natural forms and native buildings, we designed space frames, outdoors, and exhibition displays that welcome exhibitors and visitors into a sensory architectural experience with a highly visible visual arrangement.<\/p>\n\n\n\n<p>Based on the concept of complex living systems, we created exhibition displays grouped into spirals, forming non-linear social spaces and suggesting dynamic organizations to the public. We developed custom-tailored furnishings, as well as environments permeable by experimentation and dialog.<\/p>\n\n\n\n<figure class=\"wp-block-image size-large\"><a href=\"http:\/\/bambutec.com.br\/wp-content\/uploads\/2015\/07\/Sem-T\u00edtulo-1.jpg\"><img loading=\"lazy\" decoding=\"async\" width=\"830\" height=\"640\" src=\"http:\/\/bambutec.com.br\/wp-content\/uploads\/2015\/07\/Sem-T\u00edtulo-1-830x640.jpg\" alt=\"\" class=\"wp-image-227\" srcset=\"https:\/\/bambutec.com.br\/wp-content\/uploads\/2015\/07\/Sem-T\u00edtulo-1-830x640.jpg 830w, https:\/\/bambutec.com.br\/wp-content\/uploads\/2015\/07\/Sem-T\u00edtulo-1-410x316.jpg 410w, https:\/\/bambutec.com.br\/wp-content\/uploads\/2015\/07\/Sem-T\u00edtulo-1-100x77.jpg 100w, https:\/\/bambutec.com.br\/wp-content\/uploads\/2015\/07\/Sem-T\u00edtulo-1-200x154.jpg 200w, https:\/\/bambutec.com.br\/wp-content\/uploads\/2015\/07\/Sem-T\u00edtulo-1-1250x964.jpg 1250w, https:\/\/bambutec.com.br\/wp-content\/uploads\/2015\/07\/Sem-T\u00edtulo-1.jpg 1400w\" sizes=\"auto, (max-width: 830px) 100vw, 830px\" \/><\/a><\/figure>\n\n\n\n<p>The floor was covered with a mat of laminated bamboo dyed the color of urucum, a widely used plant in the Andes and Amazon region. The Booth was decorated with two Amazon palm species: Ju\u00e7ara (Euterpe edulis) and A\u00e7a\u00ed (Euterpe oleracea).<\/p>\n\n\n\n<p>The Booth\u2019s visual arrangement was prepared jointly with the German government\u2019s GIZ organization, a partner of the Amazon Cooperation Treaty Organization (ACTO), and Brazil\u2019s Ministry of the Environment.<\/p>\n\n\n\n<figure class=\"wp-block-image size-large\"><a href=\"http:\/\/bambutec.com.br\/wp-content\/uploads\/2015\/09\/biofachweb1jpg.jpg\"><img loading=\"lazy\" decoding=\"async\" width=\"830\" height=\"623\" src=\"http:\/\/bambutec.com.br\/wp-content\/uploads\/2015\/09\/biofachweb1jpg-830x623.jpg\" alt=\"\" class=\"wp-image-414\" srcset=\"https:\/\/bambutec.com.br\/wp-content\/uploads\/2015\/09\/biofachweb1jpg-830x623.jpg 830w, https:\/\/bambutec.com.br\/wp-content\/uploads\/2015\/09\/biofachweb1jpg-410x308.jpg 410w, https:\/\/bambutec.com.br\/wp-content\/uploads\/2015\/09\/biofachweb1jpg-100x75.jpg 100w, https:\/\/bambutec.com.br\/wp-content\/uploads\/2015\/09\/biofachweb1jpg-200x150.jpg 200w, https:\/\/bambutec.com.br\/wp-content\/uploads\/2015\/09\/biofachweb1jpg.jpg 1200w\" sizes=\"auto, (max-width: 830px) 100vw, 830px\" \/><\/a><\/figure>\n\n\n\n<figure class=\"wp-block-image size-large\"><a href=\"http:\/\/bambutec.com.br\/wp-content\/uploads\/2015\/07\/Sala-Andes-Amaz\u00f4nia-Biofach-S\u00e3o-Paulo-7.jpg\"><img loading=\"lazy\" decoding=\"async\" width=\"830\" height=\"623\" src=\"http:\/\/bambutec.com.br\/wp-content\/uploads\/2015\/07\/Sala-Andes-Amaz\u00f4nia-Biofach-S\u00e3o-Paulo-7-830x623.jpg\" alt=\"\" class=\"wp-image-224\" srcset=\"https:\/\/bambutec.com.br\/wp-content\/uploads\/2015\/07\/Sala-Andes-Amaz\u00f4nia-Biofach-S\u00e3o-Paulo-7-830x623.jpg 830w, https:\/\/bambutec.com.br\/wp-content\/uploads\/2015\/07\/Sala-Andes-Amaz\u00f4nia-Biofach-S\u00e3o-Paulo-7-410x308.jpg 410w, https:\/\/bambutec.com.br\/wp-content\/uploads\/2015\/07\/Sala-Andes-Amaz\u00f4nia-Biofach-S\u00e3o-Paulo-7-100x75.jpg 100w, https:\/\/bambutec.com.br\/wp-content\/uploads\/2015\/07\/Sala-Andes-Amaz\u00f4nia-Biofach-S\u00e3o-Paulo-7-200x150.jpg 200w, https:\/\/bambutec.com.br\/wp-content\/uploads\/2015\/07\/Sala-Andes-Amaz\u00f4nia-Biofach-S\u00e3o-Paulo-7-1250x938.jpg 1250w, https:\/\/bambutec.com.br\/wp-content\/uploads\/2015\/07\/Sala-Andes-Amaz\u00f4nia-Biofach-S\u00e3o-Paulo-7.jpg 1400w\" sizes=\"auto, (max-width: 830px) 100vw, 830px\" \/><\/a><\/figure>\n\n\n\n<figure class=\"wp-block-image size-large\"><a href=\"http:\/\/bambutec.com.br\/wp-content\/uploads\/2015\/07\/Sala-Andes-Amaz\u00f4nia-Biofach-S\u00e3o-Paulo-9.jpg\"><img loading=\"lazy\" decoding=\"async\" width=\"830\" height=\"623\" src=\"http:\/\/bambutec.com.br\/wp-content\/uploads\/2015\/07\/Sala-Andes-Amaz\u00f4nia-Biofach-S\u00e3o-Paulo-9-830x623.jpg\" alt=\"\" class=\"wp-image-225\" srcset=\"https:\/\/bambutec.com.br\/wp-content\/uploads\/2015\/07\/Sala-Andes-Amaz\u00f4nia-Biofach-S\u00e3o-Paulo-9-830x623.jpg 830w, https:\/\/bambutec.com.br\/wp-content\/uploads\/2015\/07\/Sala-Andes-Amaz\u00f4nia-Biofach-S\u00e3o-Paulo-9-410x308.jpg 410w, https:\/\/bambutec.com.br\/wp-content\/uploads\/2015\/07\/Sala-Andes-Amaz\u00f4nia-Biofach-S\u00e3o-Paulo-9-100x75.jpg 100w, https:\/\/bambutec.com.br\/wp-content\/uploads\/2015\/07\/Sala-Andes-Amaz\u00f4nia-Biofach-S\u00e3o-Paulo-9-200x150.jpg 200w, https:\/\/bambutec.com.br\/wp-content\/uploads\/2015\/07\/Sala-Andes-Amaz\u00f4nia-Biofach-S\u00e3o-Paulo-9-1250x938.jpg 1250w, https:\/\/bambutec.com.br\/wp-content\/uploads\/2015\/07\/Sala-Andes-Amaz\u00f4nia-Biofach-S\u00e3o-Paulo-9.jpg 1400w\" sizes=\"auto, (max-width: 830px) 100vw, 830px\" \/><\/a><\/figure>","protected":false},"excerpt":{"rendered":"<p>Em 2009, projetamos e constru\u00edmos o estande da Sala Andes Amaz\u00f4nia, organizado pelo Minist\u00e9rio do Meio Ambiente do Brasil com o financiamento da Ag\u00eancia Alem\u00e3 Coopera\u00e7\u00e3o T\u00e9cnica GIZ para o evento Expo Sustentat na Cidade de S\u00e3o Paulo. O estande foi integrado por empresas e organiza\u00e7\u00f5es da Bol\u00edvia, Brasil, Col\u00f4mbia, Equador e Peru, envolvidos com [&hellip;]<\/p>","protected":false},"author":1,"featured_media":222,"comment_status":"closed","ping_status":"open","sticky":false,"template":"","format":"image","meta":{"footnotes":""},"categories":[51],"tags":[18,9,10,14,13,11,8,15],"class_list":["post-221","post","type-post","status-publish","format-image","has-post-thumbnail","hentry","category-projetos","tag-booths","tag-comunicacao","tag-eventos","tag-events","tag-exhibitions","tag-exposicoes","tag-stands","tag-trade-shows","post_format-post-format-image"],"blocksy_meta":[],"_links":{"self":[{"href":"https:\/\/bambutec.com.br\/en\/wp-json\/wp\/v2\/posts\/221","targetHints":{"allow":["GET"]}}],"collection":[{"href":"https:\/\/bambutec.com.br\/en\/wp-json\/wp\/v2\/posts"}],"about":[{"href":"https:\/\/bambutec.com.br\/en\/wp-json\/wp\/v2\/types\/post"}],"author":[{"embeddable":true,"href":"https:\/\/bambutec.com.br\/en\/wp-json\/wp\/v2\/users\/1"}],"replies":[{"embeddable":true,"href":"https:\/\/bambutec.com.br\/en\/wp-json\/wp\/v2\/comments?post=221"}],"version-history":[{"count":18,"href":"https:\/\/bambutec.com.br\/en\/wp-json\/wp\/v2\/posts\/221\/revisions"}],"predecessor-version":[{"id":1971,"href":"https:\/\/bambutec.com.br\/en\/wp-json\/wp\/v2\/posts\/221\/revisions\/1971"}],"wp:featuredmedia":[{"embeddable":true,"href":"https:\/\/bambutec.com.br\/en\/wp-json\/wp\/v2\/media\/222"}],"wp:attachment":[{"href":"https:\/\/bambutec.com.br\/en\/wp-json\/wp\/v2\/media?parent=221"}],"wp:term":[{"taxonomy":"category","embeddable":true,"href":"https:\/\/bambutec.com.br\/en\/wp-json\/wp\/v2\/categories?post=221"},{"taxonomy":"post_tag","embeddable":true,"href":"https:\/\/bambutec.com.br\/en\/wp-json\/wp\/v2\/tags?post=221"}],"curies":[{"name":"wp","href":"https:\/\/api.w.org\/{rel}","templated":true}]}}